{"id":636,"date":"2019-10-24T10:29:52","date_gmt":"2019-10-24T09:29:52","guid":{"rendered":"http:\/\/blog.linguaitaliana.nl\/?p=636"},"modified":"2019-10-24T10:29:59","modified_gmt":"2019-10-24T09:29:59","slug":"le-olimpiadi-invernali-2026-si-terranno-in-italia","status":"publish","type":"post","link":"https:\/\/blog.linguaitaliana.nl\/?p=636","title":{"rendered":"Le olimpiadi invernali 2026 si terranno in Italia"},"content":{"rendered":"\n<figure class=\"wp-block-image\"><img decoding=\"async\" src=\"https:\/\/ci6.googleusercontent.com\/proxy\/Y1z_KLgF2wW5lI0L919mxyyHjR6tbfwS82VBKFWss4ri32-1GA5opeJT31lnwVvEFy4biM4rqetjcx2LhLuuLQ2qSNRp7o-jo-gk9OKNVXWKO4FLrxi5b4jTUuXsfsRbAE9g6wnCyLVCrYiYlF11xDE1WJO5OJvd8_Bp=s0-d-e1-ft#https:\/\/gallery.mailchimp.com\/2727e87cd5d17ab427ce1cc4f\/images\/c0f00273-848c-4351-a642-09ed022162f7.jpeg\" alt=\"\"\/><\/figure>\n\n\n\n<p>\n\nIl Comitato Olimpico Internazionale ha annunciato che Milano e Cortina d\u2019Ampezzo organizzeranno le Olimpiadi invernali del 2026. Per l\u2019Italia&nbsp;saranno le terze Olimpiadi invernali, dopo Cortina 1956 e Torino 2006, e le quarte contando anche quelle estive di Roma 1960.<br><br>I Giochi del 2026 si svolgeranno tra Lombardia, Veneto e Trentino-Alto Adige. Secondo quanto indicato nel dossier presentato al CIO dal comitato organizzatore, la cerimonia di apertura si terr\u00e0 allo stadio Giuseppe Meazza di Milano, le gare saranno divise fra le tre regioni mentre la cerimonia di chiusura \u00e8 prevista all\u2019Arena di Verona.<br><br>Nei luoghi indicati dal comitato promotore di Milano-Cortina 2026 hanno tuttora sede due prove di Coppa del Mondo di sci alpino, una di Coppa del mondo di sci di fondo, una di salto con gli sci e l\u2019unica tappa&nbsp;italiana&nbsp;della Coppa del mondo di biathlon. Questa divisione, resa possibile dal numero di strutture gi\u00e0 presenti, dovrebbe permettere l\u2019organizzazione di una manifestazione pi\u00f9 sostenibile rispetto a quelle del passato. Rispetterebbe inoltre le linee adottate dal CIO con la sua ultima importante riforma, la quale impone come requisito indispensabile per le candidature l\u2019organizzazione di eventi a impatto ambientale contenuto e l\u2019ottimizzazione di infrastrutture e sfruttamento del suolo.\n\n<\/p>\n\n\n\n<figure class=\"wp-block-image\"><img loading=\"lazy\" decoding=\"async\" width=\"1024\" height=\"725\" src=\"https:\/\/blog.linguaitaliana.nl\/wp-content\/uploads\/2019\/10\/image-1024x725.png\" alt=\"\" class=\"wp-image-637\" srcset=\"https:\/\/blog.linguaitaliana.nl\/wp-content\/uploads\/2019\/10\/image-1024x725.png 1024w, https:\/\/blog.linguaitaliana.nl\/wp-content\/uploads\/2019\/10\/image-300x212.png 300w, https:\/\/blog.linguaitaliana.nl\/wp-content\/uploads\/2019\/10\/image-768x544.png 768w, https:\/\/blog.linguaitaliana.nl\/wp-content\/uploads\/2019\/10\/image-424x300.png 424w, https:\/\/blog.linguaitaliana.nl\/wp-content\/uploads\/2019\/10\/image.png 1294w\" sizes=\"auto, (max-width: 1024px) 100vw, 1024px\" \/><\/figure>\n\n\n\n<p>\n\nPer quanto riguarda i villaggi olimpici, ne verranno costruiti tre. Il principale sar\u00e0 permanente e a Milano, nella zona attualmente occupata dallo scalo merci in disuso nel quartiere di Porta Romana: al termine dei Giochi dovrebbe diventare parte di un campus residenziale per studenti con cui il comune conta di risolvere la carenza di alloggi universitari in citt\u00e0. Il secondo villaggio olimpico verr\u00e0 costruito a Cortina d\u2019Ampezzo, nella frazione di Fiames, e sar\u00e0 temporaneo, mentre il terzo \u00e8 previsto a Livigno: verr\u00e0 utilizzato dalla Protezione Civile e al termine delle Olimpiadi riconvertito in un centro di allenamento avanzato per gli atleti italiani.<br><br>L\u2019Italia&nbsp;si \u00e8 giocata tutto durante la presentazione anche grazie al duetto bipartisan di Giuseppe Sala e di Luca Zaia, diversa fede politica ma uguale voglia di arrivare alla vittoria, per il proprio territorio, ma anche per un Paese che spera di rialzare la testa dopo tanto pessimismo.&nbsp; Nel video emozionale che si \u00e8 intervallato alle parole, si ascoltava &#8220;secondi a nessuno&#8221; e l\u2019Italia&nbsp;finalmente sorride perch\u00e9 ha vinto una grande scommessa.<\/p>\n\n\n\n<p>E con orgoglio pu\u00f2 rialzare la testa.&nbsp;<a href=\"https:\/\/linguaitaliana.us14.list-manage.com\/track\/click?u=2727e87cd5d17ab427ce1cc4f&amp;id=fbefb2bc13&amp;e=21466caaa5\" target=\"_blank\" rel=\"noreferrer noopener\">Video di presentazione<\/a><\/p>\n","protected":false},"excerpt":{"rendered":"<p>Il Comitato Olimpico Internazionale ha annunciato che Milano e Cortina d\u2019Ampezzo organizzeranno le Olimpiadi invernali del 2026. Per l\u2019Italia&nbsp;saranno le terze Olimpiadi invernali, dopo Cortina 1956 e Torino 2006, e le quarte contando anche quelle estive di Roma 1960. I &hellip; <a href=\"https:\/\/blog.linguaitaliana.nl\/?p=636\">Lees verder <span class=\"meta-nav\">&rarr;<\/span><\/a><\/p>\n","protected":false},"author":1,"featured_media":0,"comment_status":"closed","ping_status":"closed","sticky":false,"template":"","format":"standard","meta":{"footnotes":""},"categories":[7],"tags":[],"class_list":["post-636","post","type-post","status-publish","format-standard","hentry","category-cultuur"],"_links":{"self":[{"href":"https:\/\/blog.linguaitaliana.nl\/index.php?rest_route=\/wp\/v2\/posts\/636","targetHints":{"allow":["GET"]}}],"collection":[{"href":"https:\/\/blog.linguaitaliana.nl\/index.php?rest_route=\/wp\/v2\/posts"}],"about":[{"href":"https:\/\/blog.linguaitaliana.nl\/index.php?rest_route=\/wp\/v2\/types\/post"}],"author":[{"embeddable":true,"href":"https:\/\/blog.linguaitaliana.nl\/index.php?rest_route=\/wp\/v2\/users\/1"}],"replies":[{"embeddable":true,"href":"https:\/\/blog.linguaitaliana.nl\/index.php?rest_route=%2Fwp%2Fv2%2Fcomments&post=636"}],"version-history":[{"count":1,"href":"https:\/\/blog.linguaitaliana.nl\/index.php?rest_route=\/wp\/v2\/posts\/636\/revisions"}],"predecessor-version":[{"id":638,"href":"https:\/\/blog.linguaitaliana.nl\/index.php?rest_route=\/wp\/v2\/posts\/636\/revisions\/638"}],"wp:attachment":[{"href":"https:\/\/blog.linguaitaliana.nl\/index.php?rest_route=%2Fwp%2Fv2%2Fmedia&parent=636"}],"wp:term":[{"taxonomy":"category","embeddable":true,"href":"https:\/\/blog.linguaitaliana.nl\/index.php?rest_route=%2Fwp%2Fv2%2Fcategories&post=636"},{"taxonomy":"post_tag","embeddable":true,"href":"https:\/\/blog.linguaitaliana.nl\/index.php?rest_route=%2Fwp%2Fv2%2Ftags&post=636"}],"curies":[{"name":"wp","href":"https:\/\/api.w.org\/{rel}","templated":true}]}}