{"id":1218,"date":"2023-02-19T14:56:00","date_gmt":"2023-02-19T13:56:00","guid":{"rendered":"https:\/\/blog.linguaitaliana.nl\/?p=1218"},"modified":"2023-02-19T14:56:00","modified_gmt":"2023-02-19T13:56:00","slug":"trieste","status":"publish","type":"post","link":"https:\/\/blog.linguaitaliana.nl\/?p=1218","title":{"rendered":"Trieste"},"content":{"rendered":"\n<figure class=\"wp-block-image size-full\"><a href=\"https:\/\/blog.linguaitaliana.nl\/wp-content\/uploads\/2023\/02\/image-2.jpeg\"><img loading=\"lazy\" decoding=\"async\" width=\"588\" height=\"555\" src=\"https:\/\/blog.linguaitaliana.nl\/wp-content\/uploads\/2023\/02\/image-2.jpeg\" alt=\"\" class=\"wp-image-1221\" srcset=\"https:\/\/blog.linguaitaliana.nl\/wp-content\/uploads\/2023\/02\/image-2.jpeg 588w, https:\/\/blog.linguaitaliana.nl\/wp-content\/uploads\/2023\/02\/image-2-300x283.jpeg 300w, https:\/\/blog.linguaitaliana.nl\/wp-content\/uploads\/2023\/02\/image-2-318x300.jpeg 318w\" sizes=\"auto, (max-width: 588px) 100vw, 588px\" \/><\/a><\/figure>\n\n\n\n<p>Trieste \u00e8 una destinazione straordinaria per i suoi tesori storici, grandiose opere d&#8217;arte, il DNA multiculturale e l\u2018elegante carattere mitteleuropeo. Situata nell&#8217;Italia nord-orientale, \u00e8 stretta tra il mare Adriatico a sud e le Alpi a nord, vicina al centro d\u2019Europa, unita dall\u2019acqua a tutti i paesi del Mediterraneo.<br>Popolare e aristocratica nello stesso tempo, possiede il fascino irresistibile delle citt\u00e0 di confine, crocevia di mondi latini, tedeschi e slavi. La sua posizione isolata rispetto alla penisola italiana ha permesso di conservare una tipica fluidit\u00e0, che si esprime nel dialetto triestino, uno strano m\u00e9lange di italiano, austro-tedesco, croato e greco. Questa variet\u00e0 di influenze ci si nota negli eleganti elementi architettonici sparsi in ogni angolo: guglie, cupole e rosoni raccontano la storia del sogno del multiculturalismo e della convivenza di credi e culture diverse, qui vera da secoli.<\/p>\n\n\n\n<figure class=\"wp-block-image size-full\"><a href=\"https:\/\/blog.linguaitaliana.nl\/wp-content\/uploads\/2023\/02\/image-1.jpeg\"><img loading=\"lazy\" decoding=\"async\" width=\"650\" height=\"557\" src=\"https:\/\/blog.linguaitaliana.nl\/wp-content\/uploads\/2023\/02\/image-1.jpeg\" alt=\"\" class=\"wp-image-1220\" srcset=\"https:\/\/blog.linguaitaliana.nl\/wp-content\/uploads\/2023\/02\/image-1.jpeg 650w, https:\/\/blog.linguaitaliana.nl\/wp-content\/uploads\/2023\/02\/image-1-300x257.jpeg 300w, https:\/\/blog.linguaitaliana.nl\/wp-content\/uploads\/2023\/02\/image-1-350x300.jpeg 350w\" sizes=\"auto, (max-width: 650px) 100vw, 650px\" \/><\/a><\/figure>\n\n\n\n<p>Colonizzato nel II secolo a.C. dall&#8217;Impero romano, il centro abitato fu distrutto durante le invasioni barbariche e rinasce\u00a0come libero comune associato alla casa d&#8217;Asburgo nel 1382. Nel XIX secolo la monarchia era una delle grandi potenze d&#8217;Europa e Trieste il porto pi\u00f9 importante: come prospero centro commerciale nella regione del Mediterraneo, divenne la quarta citt\u00e0 pi\u00f9 grande dell&#8217;Impero austro-ungarico dopo Vienna, Budapest e Praga. Il 1719 \u00e8 l\u2019anno della proclamazione di Trieste come Porto Franco, con un conseguente incremento economico, demografico e culturale. Non si tratt\u00f2 solo di una solo rinascita economica, perch\u00e9 le popolazioni portarono con se la ricchezza della cultura d\u2019origine e della propria religione: greci, turchi, armeni, serbi, albanesi, ebrei, tedeschi, polacchi, slavi e inglesi. L\u2019Editto di Tolleranza, emanato da Giuseppe II sul finire del Settecento garantisce infine libert\u00e0 di culto alle diverse comunit\u00e0 religiose presenti in citt\u00e0. Queste eredit\u00e0 sono colonne portanti di Trieste, situata all&#8217;incrocio delle culture latine e sede di diversi gruppi etnici e comunit\u00e0 religiose.<\/p>\n\n\n\n<figure class=\"wp-block-image size-large\"><a href=\"https:\/\/blog.linguaitaliana.nl\/wp-content\/uploads\/2023\/02\/image.jpeg\"><img loading=\"lazy\" decoding=\"async\" width=\"1024\" height=\"685\" src=\"https:\/\/blog.linguaitaliana.nl\/wp-content\/uploads\/2023\/02\/image-1024x685.jpeg\" alt=\"\" class=\"wp-image-1219\" srcset=\"https:\/\/blog.linguaitaliana.nl\/wp-content\/uploads\/2023\/02\/image-1024x685.jpeg 1024w, https:\/\/blog.linguaitaliana.nl\/wp-content\/uploads\/2023\/02\/image-300x201.jpeg 300w, https:\/\/blog.linguaitaliana.nl\/wp-content\/uploads\/2023\/02\/image-768x514.jpeg 768w, https:\/\/blog.linguaitaliana.nl\/wp-content\/uploads\/2023\/02\/image-448x300.jpeg 448w, https:\/\/blog.linguaitaliana.nl\/wp-content\/uploads\/2023\/02\/image.jpeg 1076w\" sizes=\"auto, (max-width: 1024px) 100vw, 1024px\" \/><\/a><\/figure>\n\n\n\n<p>La storia gloriosa si rispecchia in ogni suo angolo. Il porto garantisce agli operatori internazionali condizioni esclusive, potendo accogliere navi oceaniche di ogni dimensione, grazie a profondi fondali. E\u2019 uno dei pochi porti turistici ad affacciarsi direttamente verso il cuore del fronte mare urbano: le eleganti linee dei palazzi liberty e neoclassici accolgono immediatamente i visitatori che arrivano via mare. Percorrere il lungomare \u00e8 uno dei modi migliori per entrare a contatto con la citt\u00e0 e il suo multiforme stile architettonico. L\u2019atmosfera romantica e decadente qui sembra essere rimasta intatta, passeggiare \u00e8 come fare un viaggio nel tempo. Bere un caff\u00e8 \u00e8 un must e un vero piacere. Gli intenditori sanno di trovarsi nella patria di marchi conosciuti in tutto il mondo come Illy e Hausbrandt. I grandi caff\u00e8 triestini sono stati importanti luoghi di ritrovo per artisti, scrittori e intellettuali come il Caff\u00e8 San Marco\u00a0che risale al 1914, il Caff\u00e8 degli Specchi, in Piazza Unit\u00e0, un tempo frequentato da artisti del calibro di James Joyce e il Caff\u00e8 Tommaseo, il\u00a0pi\u00f9 antico della citt\u00e0 fondato nel 1825.<br>Il periodo migliore per visitare la citt\u00e0 va da maggio ad ottobre, coincide con la stagione balneare e si conclude con la\u00a0<a rel=\"noreferrer noopener\" href=\"https:\/\/linguaitaliana.us14.list-manage.com\/track\/click?u=2727e87cd5d17ab427ce1cc4f&amp;id=33f0611fa3&amp;e=21466caaa5\" target=\"_blank\">Barcolana<\/a>, regata velica storica che si tiene ogni anno la seconda domenica di ottobre.\u00a0 Per maggiori informazioni e agenda aggiornata delle attivit\u00e0 culturali contattare l&#8217;<a rel=\"noreferrer noopener\" href=\"https:\/\/linguaitaliana.us14.list-manage.com\/track\/click?u=2727e87cd5d17ab427ce1cc4f&amp;id=0f12bb6a61&amp;e=21466caaa5\" target=\"_blank\">ufficio turistico<\/a>.<\/p>\n","protected":false},"excerpt":{"rendered":"<p>Trieste \u00e8 una destinazione straordinaria per i suoi tesori storici, grandiose opere d&#8217;arte, il DNA multiculturale e l\u2018elegante carattere mitteleuropeo. Situata nell&#8217;Italia nord-orientale, \u00e8 stretta tra il mare Adriatico a sud e le Alpi a nord, vicina al centro d\u2019Europa, &hellip; <a href=\"https:\/\/blog.linguaitaliana.nl\/?p=1218\">Lees verder <span class=\"meta-nav\">&rarr;<\/span><\/a><\/p>\n","protected":false},"author":1,"featured_media":0,"comment_status":"closed","ping_status":"closed","sticky":false,"template":"","format":"standard","meta":{"footnotes":""},"categories":[7],"tags":[],"class_list":["post-1218","post","type-post","status-publish","format-standard","hentry","category-cultuur"],"_links":{"self":[{"href":"https:\/\/blog.linguaitaliana.nl\/index.php?rest_route=\/wp\/v2\/posts\/1218","targetHints":{"allow":["GET"]}}],"collection":[{"href":"https:\/\/blog.linguaitaliana.nl\/index.php?rest_route=\/wp\/v2\/posts"}],"about":[{"href":"https:\/\/blog.linguaitaliana.nl\/index.php?rest_route=\/wp\/v2\/types\/post"}],"author":[{"embeddable":true,"href":"https:\/\/blog.linguaitaliana.nl\/index.php?rest_route=\/wp\/v2\/users\/1"}],"replies":[{"embeddable":true,"href":"https:\/\/blog.linguaitaliana.nl\/index.php?rest_route=%2Fwp%2Fv2%2Fcomments&post=1218"}],"version-history":[{"count":1,"href":"https:\/\/blog.linguaitaliana.nl\/index.php?rest_route=\/wp\/v2\/posts\/1218\/revisions"}],"predecessor-version":[{"id":1222,"href":"https:\/\/blog.linguaitaliana.nl\/index.php?rest_route=\/wp\/v2\/posts\/1218\/revisions\/1222"}],"wp:attachment":[{"href":"https:\/\/blog.linguaitaliana.nl\/index.php?rest_route=%2Fwp%2Fv2%2Fmedia&parent=1218"}],"wp:term":[{"taxonomy":"category","embeddable":true,"href":"https:\/\/blog.linguaitaliana.nl\/index.php?rest_route=%2Fwp%2Fv2%2Fcategories&post=1218"},{"taxonomy":"post_tag","embeddable":true,"href":"https:\/\/blog.linguaitaliana.nl\/index.php?rest_route=%2Fwp%2Fv2%2Ftags&post=1218"}],"curies":[{"name":"wp","href":"https:\/\/api.w.org\/{rel}","templated":true}]}}