{"id":1197,"date":"2022-12-22T10:56:45","date_gmt":"2022-12-22T09:56:45","guid":{"rendered":"https:\/\/blog.linguaitaliana.nl\/?p=1197"},"modified":"2022-12-22T10:56:45","modified_gmt":"2022-12-22T09:56:45","slug":"esposizione-jheronimus-bosch","status":"publish","type":"post","link":"https:\/\/blog.linguaitaliana.nl\/?p=1197","title":{"rendered":"Esposizione: Jheronimus Bosch"},"content":{"rendered":"\n<figure class=\"wp-block-image size-full\"><a href=\"https:\/\/blog.linguaitaliana.nl\/wp-content\/uploads\/2022\/12\/image-1.png\"><img loading=\"lazy\" decoding=\"async\" width=\"597\" height=\"449\" src=\"https:\/\/blog.linguaitaliana.nl\/wp-content\/uploads\/2022\/12\/image-1.png\" alt=\"\" class=\"wp-image-1198\" srcset=\"https:\/\/blog.linguaitaliana.nl\/wp-content\/uploads\/2022\/12\/image-1.png 597w, https:\/\/blog.linguaitaliana.nl\/wp-content\/uploads\/2022\/12\/image-1-300x226.png 300w, https:\/\/blog.linguaitaliana.nl\/wp-content\/uploads\/2022\/12\/image-1-399x300.png 399w\" sizes=\"auto, (max-width: 597px) 100vw, 597px\" \/><\/a><\/figure>\n\n\n\n<p>Jheronimus Bosch\u00a0(1453 \u2013 1516) \u00e8 noto in tutto il mondo per il suo linguaggio fatto di visioni oniriche e mondi curiosi, incendi, creature mostruose e figure fantastiche. Milano per la prima volta rende\u00a0omaggio al grande genio fiammingo e alla sua fortuna nell\u2019Europa meridionale con una ricchissima esposizione di opera riunite in una mostra. Fino al 12 Marzo 2023 le pochissime opere universalmente attribuite a Bosch normalmente conservate nei musei di tutto il mondo, sono esposte in un unico evento.\u00a0Proprio perch\u00e9 cos\u00ec rari e preziosi, difficilmente i capolavori di questo artista lasciano i musei cui appartengono, e ancora pi\u00f9 raramente si ha la possibilit\u00e0 di vederli riuniti in un\u2019unica esposizione.<br>\u00a0<br>Proprio per la fragilit\u00e0 e la peculiarit\u00e0 dello stato di conservazione,\u00a0alcune opere dovranno rientrare nelle loro sedi museali prima della chiusura. Si tratta delle\u00a0due opere del Museo L\u00e1zaro Galdiano di Madrid\u00a0(Meditazioni di San Giovanni Battista e La Visione di Tundalo) che potranno essere visitate dal pubblico fino al 12 febbraio e delle\u00a0due opere prestate dalle Gallerie degli Uffizi\u00a0(l\u2019arazzo Assalto a un elefante turrito e Scena con elefante) che rimarranno in mostra fino al 29 gennaio.<\/p>\n\n\n\n<figure class=\"wp-block-image size-large\"><a href=\"https:\/\/blog.linguaitaliana.nl\/wp-content\/uploads\/2022\/12\/image.jpeg\"><img loading=\"lazy\" decoding=\"async\" width=\"1024\" height=\"591\" src=\"https:\/\/blog.linguaitaliana.nl\/wp-content\/uploads\/2022\/12\/image-1024x591.jpeg\" alt=\"\" class=\"wp-image-1199\" srcset=\"https:\/\/blog.linguaitaliana.nl\/wp-content\/uploads\/2022\/12\/image-1024x591.jpeg 1024w, https:\/\/blog.linguaitaliana.nl\/wp-content\/uploads\/2022\/12\/image-300x173.jpeg 300w, https:\/\/blog.linguaitaliana.nl\/wp-content\/uploads\/2022\/12\/image-768x444.jpeg 768w, https:\/\/blog.linguaitaliana.nl\/wp-content\/uploads\/2022\/12\/image-500x289.jpeg 500w, https:\/\/blog.linguaitaliana.nl\/wp-content\/uploads\/2022\/12\/image.jpeg 1200w\" sizes=\"auto, (max-width: 1024px) 100vw, 1024px\" \/><\/a><\/figure>\n\n\n\n<p>L\u2019esposizione di Palazzo Reale&nbsp;non \u00e8 una monografica convenzionale, ma&nbsp;mette in dialogo capolavori&nbsp;tradizionalmente attribuiti al Maestro&nbsp;con importanti opere di altri maestri fiamminghi, italiani e spagnoli, in un confronto che ha l\u2019intento di spiegare al visitatore quanto l\u2019altro Rinascimento &#8211; non solo italiano e non solo boschiano &#8211; negli anni coevi o immediatamente successivi influenzer\u00e0 grandi artisti come Tiziano, Raffaello, Gerolamo Savoldo, Dosso Dossi, El Greco e molti altri.<\/p>\n\n\n\n<p>Sar\u00e0 possibile ammirare il monumentale\u00a0Trittico delle Tentazioni di Sant\u2019Antonio, opera che ha lasciato il Portogallo solo un paio di volte nel corso del Novecento e l\u2019opera monumentale proveniente\u00a0dal Groeningemuseum di Bruges, il Trittico del Giudizio Finale, che originariamente faceva parte della collezione del cardinale veneziano Marino Grimani. Fondamentali per il progetto espositivo\u00a0il prestito del Museo del Prado\u00a0dell\u2019opera di Bosch,\u00a0Le tentazioni di Sant\u2019Antonio,\u00a0e\u00a0i capolavori del Museo L\u00e1zaro Galdiano, che ha concesso la preziosa tavola del Maestro\u00a0San Giovanni Battista. E ancora il Trittico degli Eremiti delle Gallerie dell\u2019Academia di Venezia, proveniente dalla collezione del cardinale Domenico Grimani, collezionista fra i pi\u00f9 importanti del suo tempo e tra i pochissimi proprietari di opere di Bosch in Italia.<\/p>\n\n\n\n<figure class=\"wp-block-image size-full\"><a href=\"https:\/\/blog.linguaitaliana.nl\/wp-content\/uploads\/2022\/12\/image-1.jpeg\"><img loading=\"lazy\" decoding=\"async\" width=\"640\" height=\"480\" src=\"https:\/\/blog.linguaitaliana.nl\/wp-content\/uploads\/2022\/12\/image-1.jpeg\" alt=\"\" class=\"wp-image-1200\" srcset=\"https:\/\/blog.linguaitaliana.nl\/wp-content\/uploads\/2022\/12\/image-1.jpeg 640w, https:\/\/blog.linguaitaliana.nl\/wp-content\/uploads\/2022\/12\/image-1-300x225.jpeg 300w, https:\/\/blog.linguaitaliana.nl\/wp-content\/uploads\/2022\/12\/image-1-400x300.jpeg 400w\" sizes=\"auto, (max-width: 640px) 100vw, 640px\" \/><\/a><\/figure>\n\n\n\n<p>La fama di Bosch non inizi\u00f2 nelle Fiandre, dove l\u2019artista era nato, ma in Europa meridionale.\u00a0Il\u00a0\u2018fenomeno Bosch\u2019\u00a0ebbe origine nel mondo mediterraneo, precisamente nella Spagna e nell\u2019Italia del Cinquecento. Sar\u00e0 proprio in Italia che il linguaggio fantastico e onirico di Bosch e dei suoi seguaci &#8211; protagonisti di un altro Rinascimento &#8211; trover\u00e0 il terreno pi\u00f9 fertile e maturo per crescere e diventare modello figurativo e culturale per quel tempo e per molte delle generazioni di artisti successive, anche a distanza di secoli.<\/p>\n","protected":false},"excerpt":{"rendered":"<p>Jheronimus Bosch\u00a0(1453 \u2013 1516) \u00e8 noto in tutto il mondo per il suo linguaggio fatto di visioni oniriche e mondi curiosi, incendi, creature mostruose e figure fantastiche. Milano per la prima volta rende\u00a0omaggio al grande genio fiammingo e alla sua &hellip; <a href=\"https:\/\/blog.linguaitaliana.nl\/?p=1197\">Lees verder <span class=\"meta-nav\">&rarr;<\/span><\/a><\/p>\n","protected":false},"author":1,"featured_media":0,"comment_status":"closed","ping_status":"closed","sticky":false,"template":"","format":"standard","meta":{"footnotes":""},"categories":[7],"tags":[],"class_list":["post-1197","post","type-post","status-publish","format-standard","hentry","category-cultuur"],"_links":{"self":[{"href":"https:\/\/blog.linguaitaliana.nl\/index.php?rest_route=\/wp\/v2\/posts\/1197","targetHints":{"allow":["GET"]}}],"collection":[{"href":"https:\/\/blog.linguaitaliana.nl\/index.php?rest_route=\/wp\/v2\/posts"}],"about":[{"href":"https:\/\/blog.linguaitaliana.nl\/index.php?rest_route=\/wp\/v2\/types\/post"}],"author":[{"embeddable":true,"href":"https:\/\/blog.linguaitaliana.nl\/index.php?rest_route=\/wp\/v2\/users\/1"}],"replies":[{"embeddable":true,"href":"https:\/\/blog.linguaitaliana.nl\/index.php?rest_route=%2Fwp%2Fv2%2Fcomments&post=1197"}],"version-history":[{"count":1,"href":"https:\/\/blog.linguaitaliana.nl\/index.php?rest_route=\/wp\/v2\/posts\/1197\/revisions"}],"predecessor-version":[{"id":1201,"href":"https:\/\/blog.linguaitaliana.nl\/index.php?rest_route=\/wp\/v2\/posts\/1197\/revisions\/1201"}],"wp:attachment":[{"href":"https:\/\/blog.linguaitaliana.nl\/index.php?rest_route=%2Fwp%2Fv2%2Fmedia&parent=1197"}],"wp:term":[{"taxonomy":"category","embeddable":true,"href":"https:\/\/blog.linguaitaliana.nl\/index.php?rest_route=%2Fwp%2Fv2%2Fcategories&post=1197"},{"taxonomy":"post_tag","embeddable":true,"href":"https:\/\/blog.linguaitaliana.nl\/index.php?rest_route=%2Fwp%2Fv2%2Ftags&post=1197"}],"curies":[{"name":"wp","href":"https:\/\/api.w.org\/{rel}","templated":true}]}}